{"id":4441,"date":"2024-05-31T10:27:59","date_gmt":"2024-05-31T08:27:59","guid":{"rendered":"https:\/\/www.dallenogare.biz\/cours\/?p=4441"},"modified":"2024-06-06T08:01:18","modified_gmt":"2024-06-06T06:01:18","slug":"la-proposition-de-chatgpt-pour-la-tache-de-sixieme-donnee-en-epreuve-formative","status":"publish","type":"post","link":"http:\/\/www.dallenogare.biz\/cours\/la-proposition-de-chatgpt-pour-la-tache-de-sixieme-donnee-en-epreuve-formative\/","title":{"rendered":"La proposition de ChatGPT pour la t\u00e2che de sixi\u00e8me donn\u00e9e en \u00e9preuve formative"},"content":{"rendered":"<div class=\"w-full text-token-text-primary\" dir=\"auto\" data-testid=\"conversation-turn-2\" data-scroll-anchor=\"false\">\n<div class=\"py-2 juice:py-[18px] px-3 text-base md:px-4 m-auto md:px-5 lg:px-1 xl:px-5\">\n<div class=\"mx-auto flex flex-1 gap-3 text-base juice:gap-4 juice:md:gap-6 md:max-w-3xl lg:max-w-[40rem] xl:max-w-[48rem]\">\n<div class=\"flex-shrink-0 flex flex-col relative items-end\">\n<div>\n<div class=\"pt-0.5 juice:pt-0\">\n<div class=\"gizmo-shadow-stroke flex h-6 w-6 items-center justify-center overflow-hidden rounded-full juice:h-8 juice:w-8\">\n<div class=\"relative flex\"><img decoding=\"async\" class=\"rounded-sm\" src=\"https:\/\/s.gravatar.com\/avatar\/e2cf10811fd86cd662aafc201f5e52c8?s=480&amp;r=pg&amp;d=https%3A%2F%2Fcdn.auth0.com%2Favatars%2Fpy.png\" alt=\"User\" width=\"24\" height=\"24\" data-nimg=\"1\" \/><\/div>\n<\/div>\n<\/div>\n<\/div>\n<\/div>\n<div class=\"group\/conversation-turn relative flex w-full min-w-0 flex-col\">\n<div class=\"font-semibold select-none\">Vous<\/div>\n<div class=\"flex-col gap-1 md:gap-3\">\n<div class=\"flex flex-grow flex-col max-w-full\">\n<div class=\"min-h-[20px] text-message flex flex-col items-start whitespace-pre-wrap break-words [.text-message+&amp;]:mt-5 juice:w-full juice:items-end overflow-x-auto gap-3\" dir=\"auto\" data-message-author-role=\"user\" data-message-id=\"aaa2a423-5e60-453d-8e5f-12091b196a21\">\n<div class=\"relative max-w-[70%]\">Imagine que tu es membre du parlement mondial. Et que la loi suivante est propos\u00e9e : chaque \u00eatre humain a le droit de s\u2019installer dans le pays qu\u2019il souhaite, d\u2019en changer quand il veut, de voyager partout. Quelles seraient les diff\u00e9rentes r\u00e9actions \u00e0 cette proposition de loi ? Pourquoi certains la voteraient-ils (\u00e9ventuellement moyennant des conditions, des amendements) et d\u2019autres ne la voteraient-ils pas (base toi sur le document pr\u00e9sentant les rep\u00e8res politiques) ? Certaines positions te semblent-elles inacceptables et pourquoi ? Lesquelles te paraissent-elles d\u00e9fendables et pourquoi ? Quelle serait ta position personnelle ? Au moins 500 mots<\/div>\n<\/div>\n<\/div>\n<div class=\"mt-1 flex gap-3 empty:hidden juice:mr-1 juice:flex-row-reverse\">\n<div class=\"-ml-1 mt-0 flex h-7 items-center justify-center gap-[2px] self-end text-gray-400 lg:justify-start lg:self-center md:invisible\"><\/div>\n<\/div>\n<\/div>\n<\/div>\n<\/div>\n<\/div>\n<\/div>\n<div class=\"w-full text-token-text-primary\" dir=\"auto\" data-testid=\"conversation-turn-3\" data-scroll-anchor=\"false\">\n<div class=\"py-2 juice:py-[18px] px-3 text-base md:px-4 m-auto md:px-5 lg:px-1 xl:px-5\">\n<div class=\"mx-auto flex flex-1 gap-3 text-base juice:gap-4 juice:md:gap-6 md:max-w-3xl lg:max-w-[40rem] xl:max-w-[48rem]\">\n<div class=\"flex-shrink-0 flex flex-col relative items-end\">\n<div>\n<div class=\"pt-0.5 juice:pt-0\">\n<div class=\"gizmo-bot-avatar flex h-6 w-6 items-center justify-center overflow-hidden rounded-full juice:h-8 juice:w-8\">\n<div class=\"relative p-1 rounded-sm flex items-center justify-center bg-token-main-surface-primary text-token-text-primary h-6 w-6\">ChatGPT<\/div>\n<\/div>\n<\/div>\n<\/div>\n<\/div>\n<div class=\"group\/conversation-turn relative flex w-full min-w-0 flex-col agent-turn\">\n<div class=\"font-semibold select-none\">ChatGPT<\/div>\n<div class=\"flex-col gap-1 md:gap-3\">\n<div class=\"flex flex-grow flex-col max-w-full\">\n<div class=\"min-h-[20px] text-message flex flex-col items-start whitespace-pre-wrap break-words [.text-message+&amp;]:mt-5 juice:w-full juice:items-end overflow-x-auto gap-3\" dir=\"auto\" data-message-author-role=\"assistant\" data-message-id=\"c2dca866-3500-41f6-9558-0e2a2786fb30\">\n<div class=\"markdown prose w-full break-words dark:prose-invert light\">\n<p>La proposition de loi selon laquelle chaque \u00eatre humain aurait le droit de s\u2019installer dans le pays de son choix, de voyager partout, et de changer de pays \u00e0 volont\u00e9, susciterait une gamme vari\u00e9e de r\u00e9actions parmi les membres du parlement mondial. Les positions varieraient en fonction des id\u00e9ologies politiques, des pr\u00e9occupations \u00e9conomiques, sociales, s\u00e9curitaires, et culturelles.<\/p>\n<h3>R\u00e9actions favorables<\/h3>\n<p><strong>1. Les partisans des droits de l&rsquo;homme et de la libert\u00e9 individuelle:<\/strong> Ces membres du parlement soutiendraient la loi en invoquant les principes universels des droits de l&rsquo;homme. Ils feraient valoir que la libert\u00e9 de circulation est un droit fondamental qui doit \u00eatre garanti \u00e0 tous les \u00eatres humains, sans restriction. Pour eux, permettre \u00e0 chacun de choisir o\u00f9 vivre et travailler est une extension logique des libert\u00e9s individuelles.<\/p>\n<p><strong>2. Les globalistes et les d\u00e9fenseurs du march\u00e9 libre:<\/strong> Les partisans de la mondialisation et du libre-\u00e9change verraient dans cette loi une opportunit\u00e9 de promouvoir la mobilit\u00e9 des travailleurs, ce qui pourrait stimuler l&rsquo;\u00e9conomie mondiale en optimisant la r\u00e9partition des comp\u00e9tences et en r\u00e9pondant aux p\u00e9nuries de main-d&rsquo;\u0153uvre dans certaines r\u00e9gions. Ils argumenteraient que la libre circulation des personnes est b\u00e9n\u00e9fique pour l&rsquo;innovation, la croissance \u00e9conomique et la diversit\u00e9 culturelle.<\/p>\n<p><strong>3. Les progressistes et humanitaires:<\/strong> Certains parlementaires progressistes soutiendraient cette loi comme une mesure humanitaire visant \u00e0 offrir un refuge aux personnes fuyant les conflits, les pers\u00e9cutions, et les catastrophes naturelles. Ils insisteraient sur l\u2019importance de la solidarit\u00e9 internationale et de l\u2019accueil des r\u00e9fugi\u00e9s et migrants comme une responsabilit\u00e9 morale.<\/p>\n<h3>R\u00e9actions d\u00e9favorables<\/h3>\n<p><strong>1. Les conservateurs et nationalistes:<\/strong> Les membres du parlement ayant une vision conservatrice et nationaliste s\u2019opposeraient probablement \u00e0 cette loi. Ils argumenteraient que la libre circulation non r\u00e9glement\u00e9e pourrait menacer la souverainet\u00e9 nationale, la s\u00e9curit\u00e9, et l&rsquo;identit\u00e9 culturelle de leurs pays. Ils craindraient que l&rsquo;afflux massif de migrants p\u00e8se sur les infrastructures, les syst\u00e8mes de sant\u00e9, et les march\u00e9s du travail locaux, potentiellement causant des tensions sociales et \u00e9conomiques.<\/p>\n<p><strong>2. Les protectionnistes \u00e9conomiques:<\/strong> Certains parlementaires seraient pr\u00e9occup\u00e9s par l&rsquo;impact \u00e9conomique de cette loi. Ils pourraient craindre que la libre circulation des personnes m\u00e8ne \u00e0 une concurrence d\u00e9loyale pour les emplois locaux, \u00e0 la baisse des salaires, et \u00e0 une pression accrue sur les services publics. Ils argumenteraient que chaque pays doit avoir le droit de r\u00e9guler l\u2019immigration pour prot\u00e9ger ses citoyens et son \u00e9conomie.<\/p>\n<p><strong>3. Les pr\u00e9occupations s\u00e9curitaires:<\/strong> Une autre opposition viendrait de ceux qui s&rsquo;inqui\u00e8tent des implications s\u00e9curitaires de la libre circulation. Ils craindraient que l&rsquo;absence de contr\u00f4les stricts aux fronti\u00e8res facilite les mouvements de criminels, de terroristes, et d\u2019autres individus dangereux, augmentant ainsi les risques pour la s\u00e9curit\u00e9 nationale.<\/p>\n<h3>Positions inacceptables et d\u00e9fendables<\/h3>\n<p>Certaines positions extr\u00eames, comme celles bas\u00e9es sur des pr\u00e9jug\u00e9s raciaux, ethniques ou religieux, sont inacceptables. Toute opposition fond\u00e9e sur des id\u00e9ologies x\u00e9nophobes, racistes, ou discriminatoires doit \u00eatre rejet\u00e9e, car elles vont \u00e0 l&rsquo;encontre des principes fondamentaux des droits de l&rsquo;homme et de la dignit\u00e9 humaine.<\/p>\n<p>En revanche, les pr\u00e9occupations l\u00e9gitimes li\u00e9es \u00e0 la s\u00e9curit\u00e9 nationale, \u00e0 la souverainet\u00e9, et \u00e0 l&rsquo;impact \u00e9conomique sont d\u00e9fendables. Elles m\u00e9ritent d&rsquo;\u00eatre prises en compte pour trouver un \u00e9quilibre entre la libert\u00e9 de circulation et la protection des int\u00e9r\u00eats des \u00c9tats et de leurs citoyens. Une approche \u00e9quilibr\u00e9e pourrait inclure des m\u00e9canismes de r\u00e9gulation, des politiques d&rsquo;int\u00e9gration, et des mesures de s\u00e9curit\u00e9 renforc\u00e9es pour r\u00e9pondre \u00e0 ces pr\u00e9occupations tout en respectant les droits fondamentaux.<\/p>\n<h3>Position personnelle<\/h3>\n<p>Personnellement, je serais favorable \u00e0 la proposition de loi sous certaines conditions et amendements. Je crois fermement en la libert\u00e9 de circulation comme un droit humain fondamental, mais je reconnais \u00e9galement la n\u00e9cessit\u00e9 de prot\u00e9ger les int\u00e9r\u00eats nationaux et la s\u00e9curit\u00e9 des citoyens. Par cons\u00e9quent, je plaiderais pour une loi qui permette la libre circulation des personnes tout en incluant des r\u00e9gulations raisonnables, des contr\u00f4les de s\u00e9curit\u00e9 appropri\u00e9s, et des politiques d&rsquo;int\u00e9gration efficaces. Une telle approche \u00e9quilibr\u00e9e permettrait de maximiser les avantages \u00e9conomiques et culturels de la mobilit\u00e9 mondiale tout en minimisant les risques et les impacts n\u00e9gatifs potentiels.<\/p>\n<\/div>\n<\/div>\n<\/div>\n<div class=\"mt-1 flex gap-3 empty:hidden juice:-ml-3\">\n<div class=\"-ml-1 mt-0 flex h-7 items-center justify-center gap-[2px] self-end text-gray-400 lg:justify-start lg:self-center md:invisible\">\n<p>&nbsp;<\/p>\n<div class=\"flex\"><\/div>\n<div class=\"flex items-center pb-0.5 juice:pb-0\">\n<div class=\"[&amp;_svg]:h-full [&amp;_svg]:w-full icon-md h-4 w-4\"><\/div>\n<\/div>\n<\/div>\n<\/div>\n<div class=\"pr-2 lg:pr-0\"><\/div>\n<\/div>\n<\/div>\n<\/div>\n<\/div>\n<\/div>\n<div class=\"w-full text-token-text-primary\" dir=\"auto\" data-testid=\"conversation-turn-4\" data-scroll-anchor=\"false\">\n<div class=\"py-2 juice:py-[18px] px-3 text-base md:px-4 m-auto md:px-5 lg:px-1 xl:px-5\">\n<div class=\"mx-auto flex flex-1 gap-3 text-base juice:gap-4 juice:md:gap-6 md:max-w-3xl lg:max-w-[40rem] xl:max-w-[48rem]\">\n<div class=\"flex-shrink-0 flex flex-col relative items-end\">\n<div>\n<div class=\"pt-0.5 juice:pt-0\">\n<div class=\"gizmo-shadow-stroke flex h-6 w-6 items-center justify-center overflow-hidden rounded-full juice:h-8 juice:w-8\">\n<div class=\"relative flex\"><img decoding=\"async\" class=\"rounded-sm\" src=\"https:\/\/s.gravatar.com\/avatar\/e2cf10811fd86cd662aafc201f5e52c8?s=480&amp;r=pg&amp;d=https%3A%2F%2Fcdn.auth0.com%2Favatars%2Fpy.png\" alt=\"User\" width=\"24\" height=\"24\" data-nimg=\"1\" \/><\/div>\n<\/div>\n<\/div>\n<\/div>\n<\/div>\n<div class=\"group\/conversation-turn relative flex w-full min-w-0 flex-col\">\n<div class=\"font-semibold select-none\">Vous<\/div>\n<div class=\"flex-col gap-1 md:gap-3\">\n<div class=\"flex flex-grow flex-col max-w-full\">\n<div class=\"min-h-[20px] text-message flex flex-col items-start whitespace-pre-wrap break-words [.text-message+&amp;]:mt-5 juice:w-full juice:items-end overflow-x-auto gap-3\" dir=\"auto\" data-message-author-role=\"user\" data-message-id=\"aaa22234-58f5-41ab-a16b-a40b81eeaaab\">\n<div class=\"relative max-w-[70%]\">Que diraient les d\u00e9mocrates chr\u00e9tiens, les personalistes ?<\/div>\n<\/div>\n<\/div>\n<div class=\"mt-1 flex gap-3 empty:hidden juice:mr-1 juice:flex-row-reverse\">\n<div class=\"-ml-1 mt-0 flex h-7 items-center justify-center gap-[2px] self-end text-gray-400 lg:justify-start lg:self-center md:invisible\"><\/div>\n<\/div>\n<\/div>\n<\/div>\n<\/div>\n<\/div>\n<\/div>\n<div class=\"w-full text-token-text-primary\" dir=\"auto\" data-testid=\"conversation-turn-5\" data-scroll-anchor=\"false\">\n<div class=\"py-2 juice:py-[18px] px-3 text-base md:px-4 m-auto md:px-5 lg:px-1 xl:px-5\">\n<div class=\"mx-auto flex flex-1 gap-3 text-base juice:gap-4 juice:md:gap-6 md:max-w-3xl lg:max-w-[40rem] xl:max-w-[48rem]\">\n<div class=\"flex-shrink-0 flex flex-col relative items-end\">\n<div>\n<div class=\"pt-0.5 juice:pt-0\">\n<div class=\"gizmo-bot-avatar flex h-6 w-6 items-center justify-center overflow-hidden rounded-full juice:h-8 juice:w-8\">\n<div class=\"relative p-1 rounded-sm flex items-center justify-center bg-token-main-surface-primary text-token-text-primary h-6 w-6\">ChatGPT<\/div>\n<\/div>\n<\/div>\n<\/div>\n<\/div>\n<div class=\"group\/conversation-turn relative flex w-full min-w-0 flex-col agent-turn\">\n<div class=\"font-semibold select-none\">ChatGPT<\/div>\n<div class=\"flex-col gap-1 md:gap-3\">\n<div class=\"flex flex-grow flex-col max-w-full\">\n<div class=\"min-h-[20px] text-message flex flex-col items-start whitespace-pre-wrap break-words [.text-message+&amp;]:mt-5 juice:w-full juice:items-end overflow-x-auto gap-3\" dir=\"auto\" data-message-author-role=\"assistant\" data-message-id=\"728c4f89-b39c-4510-8a66-e1e51ca6dd52\">\n<div class=\"markdown prose w-full break-words dark:prose-invert light\">\n<p>Les d\u00e9mocrates chr\u00e9tiens et les personnalistes apporteraient des perspectives nuanc\u00e9es et centr\u00e9es sur la dignit\u00e9 humaine, la solidarit\u00e9 et la communaut\u00e9 dans le d\u00e9bat sur la loi permettant la libre circulation des personnes.<\/p>\n<h3>R\u00e9actions des d\u00e9mocrates chr\u00e9tiens<\/h3>\n<p><strong>1. Dignit\u00e9 humaine et solidarit\u00e9:<\/strong> Les d\u00e9mocrates chr\u00e9tiens, ancr\u00e9s dans des valeurs humanistes et chr\u00e9tiennes, soutiendraient l\u2019id\u00e9e que chaque individu a une dignit\u00e9 intrins\u00e8que et des droits fondamentaux, dont celui de se d\u00e9placer librement. Ils argumenteraient que la solidarit\u00e9 envers les personnes en d\u00e9tresse, comme les r\u00e9fugi\u00e9s ou les migrants \u00e9conomiques, est un devoir moral et que les pays riches ont une responsabilit\u00e9 particuli\u00e8re d&rsquo;aider ceux qui fuient la guerre, la pauvret\u00e9 ou la pers\u00e9cution.<\/p>\n<p><strong>2. Protection de la famille et de la communaut\u00e9:<\/strong> Toutefois, les d\u00e9mocrates chr\u00e9tiens insisteraient \u00e9galement sur l&rsquo;importance de la famille et de la communaut\u00e9. Ils pourraient soutenir des mesures qui facilitent la r\u00e9unification familiale et qui promeuvent des politiques d\u2019int\u00e9gration permettant aux migrants de s\u2019int\u00e9grer harmonieusement dans leur nouvelle soci\u00e9t\u00e9. Ils verraient la famille comme une institution cl\u00e9 qui doit \u00eatre prot\u00e9g\u00e9e et soutenue dans le cadre de la mobilit\u00e9 internationale.<\/p>\n<p><strong>3. Ordre et justice sociale:<\/strong> Les d\u00e9mocrates chr\u00e9tiens pourraient exprimer des r\u00e9serves quant \u00e0 une ouverture totale et non r\u00e9gul\u00e9e des fronti\u00e8res. Ils pourraient craindre que cela conduise \u00e0 des d\u00e9s\u00e9quilibres \u00e9conomiques et sociaux qui pourraient nuire \u00e0 la coh\u00e9sion sociale. Ils plaideraient pour une approche \u00e9quilibr\u00e9e qui permet la mobilit\u00e9 tout en assurant que les ressources et les infrastructures sont ad\u00e9quatement pr\u00e9par\u00e9es pour accueillir de nouveaux arrivants. Ils pourraient soutenir des quotas ou des crit\u00e8res sp\u00e9cifiques pour g\u00e9rer les flux migratoires de mani\u00e8re ordonn\u00e9e et juste.<\/p>\n<h3>R\u00e9actions des personnalistes<\/h3>\n<p><strong>1. Primaut\u00e9 de la personne:<\/strong> Les personnalistes, influenc\u00e9s par des penseurs comme Emmanuel Mounier, mettraient l\u2019accent sur la primaut\u00e9 de la personne humaine et le respect de sa dignit\u00e9. Ils verraient la libert\u00e9 de circulation comme une expression de la libert\u00e9 personnelle et de l\u2019autonomie de l\u2019individu. Ils soutiendraient que chaque personne a le droit de chercher un environnement o\u00f9 elle peut s\u2019\u00e9panouir pleinement.<\/p>\n<p><strong>2. Importance de la communaut\u00e9 et de l\u2019enracinement:<\/strong> Cependant, les personnalistes souligneraient \u00e9galement l\u2019importance de l\u2019enracinement et des relations communautaires. Ils pourraient \u00eatre pr\u00e9occup\u00e9s par le risque de d\u00e9racinement et de perte d\u2019identit\u00e9 culturelle que pourrait entra\u00eener une mobilit\u00e9 excessive et non r\u00e9gul\u00e9e. Ils insisteraient sur le fait que la mobilit\u00e9 doit \u00eatre accompagn\u00e9e de politiques visant \u00e0 favoriser l\u2019int\u00e9gration et \u00e0 maintenir des liens communautaires forts.<\/p>\n<p><strong>3. Solidarit\u00e9 et subsidiarit\u00e9:<\/strong> Les personnalistes d\u00e9fendraient le principe de subsidiarit\u00e9, selon lequel les d\u00e9cisions doivent \u00eatre prises au niveau le plus proche possible des citoyens. Ils soutiendraient que les communaut\u00e9s locales doivent avoir un r\u00f4le dans la gestion de l&rsquo;immigration et de l\u2019int\u00e9gration, en respectant les sp\u00e9cificit\u00e9s locales et en \u00e9vitant une approche trop centralis\u00e9e. Ils pr\u00f4neraient des politiques de solidarit\u00e9 qui renforcent les liens entre les peuples et les nations tout en respectant les particularit\u00e9s locales.<\/p>\n<h3>Position d\u00e9fendable<\/h3>\n<p>La position des d\u00e9mocrates chr\u00e9tiens et des personnalistes, qui cherchent \u00e0 \u00e9quilibrer la dignit\u00e9 individuelle avec les besoins de la communaut\u00e9, est particuli\u00e8rement d\u00e9fendable. Leur approche humaniste et \u00e9quilibr\u00e9e permet de promouvoir la mobilit\u00e9 humaine tout en veillant \u00e0 la coh\u00e9sion sociale et \u00e0 l\u2019int\u00e9gration r\u00e9ussie des migrants. Ils offrent une perspective qui allie respect des droits de l\u2019homme et pragmatisme socio-\u00e9conomique, ce qui pourrait conduire \u00e0 des politiques migratoires plus justes et efficaces.<\/p>\n<h3>Position personnelle<\/h3>\n<p>En tant que membre du parlement mondial, je trouverais la position des d\u00e9mocrates chr\u00e9tiens et des personnalistes particuli\u00e8rement convaincante. Je soutiendrais une loi qui garantit la libert\u00e9 de circulation tout en incorporant des mesures pour assurer une int\u00e9gration harmonieuse et le soutien des communaut\u00e9s locales. Cela inclurait des politiques de regroupement familial, des programmes d&rsquo;int\u00e9gration culturelle et linguistique, et des r\u00e9gulations pour g\u00e9rer les flux migratoires de mani\u00e8re ordonn\u00e9e. Une telle approche permettrait de respecter la dignit\u00e9 humaine tout en pr\u00e9servant la stabilit\u00e9 et la coh\u00e9sion sociale des pays d\u2019accueil.<\/p>\n<\/div>\n<\/div>\n<\/div>\n<div class=\"mt-1 flex gap-3 empty:hidden juice:-ml-3\">\n<div class=\"-ml-1 mt-0 flex h-7 items-center justify-center gap-[2px] self-end text-gray-400 lg:justify-start lg:self-center md:invisible\">\n<p>&nbsp;<\/p>\n<div class=\"flex\"><\/div>\n<div class=\"flex items-center pb-0.5 juice:pb-0\">\n<div class=\"[&amp;_svg]:h-full [&amp;_svg]:w-full icon-md h-4 w-4\">Vous<\/div>\n<div><\/div>\n<div>\n<div class=\"w-full text-token-text-primary\" dir=\"auto\" data-testid=\"conversation-turn-8\" data-scroll-anchor=\"false\">\n<div class=\"py-2 juice:py-[18px] px-3 text-base md:px-4 m-auto md:px-5 lg:px-1 xl:px-5\">\n<div class=\"mx-auto flex flex-1 gap-3 text-base juice:gap-4 juice:md:gap-6 md:max-w-3xl lg:max-w-[40rem] xl:max-w-[48rem]\">\n<div class=\"group\/conversation-turn relative flex w-full min-w-0 flex-col\">\n<div class=\"flex-col gap-1 md:gap-3\">\n<div class=\"flex flex-grow flex-col max-w-full\">\n<div class=\"min-h-[20px] text-message flex flex-col items-start whitespace-pre-wrap break-words [.text-message+&amp;]:mt-5 juice:w-full juice:items-end overflow-x-auto gap-3\" dir=\"auto\" data-message-author-role=\"user\" data-message-id=\"aaa2dfb7-2f2a-4b6b-8c11-50718d1bc488\">\n<div class=\"relative max-w-[70%]\">Et les \u00e9cologistes , que diraient-ils ?<\/div>\n<\/div>\n<\/div>\n<div class=\"mt-1 flex gap-3 empty:hidden juice:mr-1 juice:flex-row-reverse\">\n<div class=\"-ml-1 mt-0 flex h-7 items-center justify-center gap-[2px] self-end text-gray-400 lg:justify-start lg:self-center md:invisible\"><\/div>\n<\/div>\n<\/div>\n<\/div>\n<\/div>\n<\/div>\n<\/div>\n<div class=\"w-full text-token-text-primary\" dir=\"auto\" data-testid=\"conversation-turn-9\" data-scroll-anchor=\"true\">\n<div class=\"py-2 juice:py-[18px] px-3 text-base md:px-4 m-auto md:px-5 lg:px-1 xl:px-5\">\n<div class=\"mx-auto flex flex-1 gap-3 text-base juice:gap-4 juice:md:gap-6 md:max-w-3xl lg:max-w-[40rem] xl:max-w-[48rem]\">\n<div class=\"flex-shrink-0 flex flex-col relative items-end\">\n<div>\n<div class=\"pt-0.5 juice:pt-0\">\n<div class=\"gizmo-bot-avatar flex h-6 w-6 items-center justify-center overflow-hidden rounded-full juice:h-8 juice:w-8\">\n<div class=\"relative p-1 rounded-sm flex items-center justify-center bg-token-main-surface-primary text-token-text-primary h-6 w-6\">ChatGPT<\/div>\n<\/div>\n<\/div>\n<\/div>\n<\/div>\n<div class=\"group\/conversation-turn relative flex w-full min-w-0 flex-col agent-turn\">\n<div class=\"font-semibold select-none\">ChatGPT<\/div>\n<div class=\"flex-col gap-1 md:gap-3\">\n<div class=\"flex flex-grow flex-col max-w-full\">\n<div class=\"min-h-[20px] text-message flex flex-col items-start whitespace-pre-wrap break-words [.text-message+&amp;]:mt-5 juice:w-full juice:items-end overflow-x-auto gap-3\" dir=\"auto\" data-message-author-role=\"assistant\" data-message-id=\"ac39b838-95ab-4a00-acac-b9d3c2984c4c\">\n<div class=\"markdown prose w-full break-words dark:prose-invert light\">\n<p>Les \u00e9cologistes auraient une perspective unique et nuanc\u00e9e sur la proposition de loi visant \u00e0 permettre la libre circulation des personnes \u00e0 travers le monde. Leurs r\u00e9actions seraient fa\u00e7onn\u00e9es par des pr\u00e9occupations environnementales, sociales et \u00e9conomiques. Voici comment les \u00e9cologistes pourraient r\u00e9agir \u00e0 cette proposition, en tenant compte de leurs principes fondamentaux.<\/p>\n<h3>R\u00e9actions des \u00e9cologistes<\/h3>\n<h4>1. Impact environnemental<\/h4>\n<p>Les \u00e9cologistes seraient particuli\u00e8rement pr\u00e9occup\u00e9s par les impacts environnementaux de la libre circulation accrue des personnes.<\/p>\n<p><strong>a. Empreinte carbone accrue:<\/strong> La libre circulation pourrait augmenter consid\u00e9rablement les voyages internationaux, entra\u00eenant une hausse des \u00e9missions de gaz \u00e0 effet de serre dues aux transports, en particulier l&rsquo;aviation. Les \u00e9cologistes plaideraient pour des mesures visant \u00e0 limiter les impacts environnementaux des d\u00e9placements, comme des incitations \u00e0 utiliser des modes de transport moins polluants et le d\u00e9veloppement d&rsquo;infrastructures de transport durable.<\/p>\n<p><strong>b. Pression sur les ressources locales:<\/strong> Une forte migration vers certaines r\u00e9gions pourrait exercer une pression accrue sur les ressources locales, telles que l&rsquo;eau, la terre et les \u00e9cosyst\u00e8mes. Les \u00e9cologistes souligneraient la n\u00e9cessit\u00e9 de politiques de gestion des ressources pour pr\u00e9venir la d\u00e9gradation environnementale et assurer la durabilit\u00e9 \u00e0 long terme.<\/p>\n<h4>2. \u00c9quit\u00e9 sociale et \u00e9conomique<\/h4>\n<p>Les \u00e9cologistes, souvent engag\u00e9s en faveur de la justice sociale, auraient des pr\u00e9occupations concernant l&rsquo;\u00e9quit\u00e9 et la r\u00e9partition des ressources.<\/p>\n<p><strong>a. In\u00e9galit\u00e9s r\u00e9gionales:<\/strong> Les \u00e9cologistes pourraient craindre que la libre circulation exacerbe les in\u00e9galit\u00e9s entre r\u00e9gions riches et pauvres. Ils argumenteraient que les politiques devraient viser \u00e0 r\u00e9duire les in\u00e9galit\u00e9s en investissant dans le d\u00e9veloppement durable des r\u00e9gions les plus vuln\u00e9rables, afin de diminuer les motivations \u00e9conomiques pour la migration.<\/p>\n<p><strong>b. Soutien aux communaut\u00e9s locales:<\/strong> Les \u00e9cologistes insisteraient sur l&rsquo;importance de soutenir les communaut\u00e9s locales pour qu&rsquo;elles puissent g\u00e9rer les nouveaux flux migratoires sans subir de pression excessive sur leurs infrastructures et ressources. Cela pourrait inclure des investissements dans les infrastructures vertes et les services publics durables.<\/p>\n<h4>3. Protection de la biodiversit\u00e9<\/h4>\n<p>Les \u00e9cologistes seraient \u00e9galement pr\u00e9occup\u00e9s par les impacts potentiels de la migration sur la biodiversit\u00e9.<\/p>\n<p><strong>a. Urbanisation et habitat naturel:<\/strong> Une augmentation des migrations pourrait conduire \u00e0 une urbanisation rapide et non planifi\u00e9e, mena\u00e7ant les habitats naturels et la biodiversit\u00e9. Les \u00e9cologistes plaideraient pour des politiques de planification urbaine durable qui prot\u00e8gent les espaces naturels et favorisent la coexistence harmonieuse entre les populations humaines et la nature.<\/p>\n<p><strong>b. Esp\u00e8ces invasives:<\/strong> La libre circulation pourrait augmenter le risque de propagation d&rsquo;esp\u00e8ces invasives, perturbant les \u00e9cosyst\u00e8mes locaux. Les \u00e9cologistes appelleraient \u00e0 des mesures strictes de contr\u00f4le et de pr\u00e9vention pour minimiser ce risque.<\/p>\n<h3>Positions inacceptables et d\u00e9fendables<\/h3>\n<p>Certaines positions \u00e9cologistes pourraient \u00eatre consid\u00e9r\u00e9es comme inacceptables si elles deviennent trop restrictives ou si elles ignorent les droits humains fondamentaux. Par exemple, une opposition totale \u00e0 la migration bas\u00e9e uniquement sur la protection de l&rsquo;environnement, sans tenir compte des besoins humanitaires des migrants, serait moralement probl\u00e9matique.<\/p>\n<p>Cependant, la majorit\u00e9 des pr\u00e9occupations \u00e9cologistes sont d\u00e9fendables car elles cherchent \u00e0 \u00e9quilibrer la protection de l&rsquo;environnement avec la justice sociale et \u00e9conomique. Les propositions visant \u00e0 r\u00e9duire l&#8217;empreinte carbone des transports, \u00e0 soutenir les communaut\u00e9s locales et \u00e0 prot\u00e9ger la biodiversit\u00e9 sont cruciales pour assurer un d\u00e9veloppement durable et \u00e9quitable.<\/p>\n<h3>Position personnelle<\/h3>\n<p>En tant que membre du parlement mondial, je reconna\u00eetrais l&rsquo;importance des pr\u00e9occupations \u00e9cologistes dans le contexte de la libre circulation des personnes. Je serais favorable \u00e0 cette proposition de loi, mais avec des amendements et des conditions sp\u00e9cifiques pour r\u00e9pondre aux enjeux environnementaux.<\/p>\n<h4>Conditions et amendements possibles<\/h4>\n<ol>\n<li><strong>Promotion de transports durables:<\/strong> Encourager l&rsquo;utilisation de transports \u00e0 faible \u00e9mission de carbone pour les d\u00e9placements internationaux et domestiques. Cela pourrait inclure des incitations pour les transports en commun, les v\u00e9hicules \u00e9lectriques et les infrastructures de transport vertes.<\/li>\n<li><strong>Gestion durable des ressources:<\/strong> Mettre en place des politiques de gestion des ressources pour \u00e9viter la surutilisation des ressources locales et pr\u00e9venir la d\u00e9gradation environnementale. Cela inclurait des strat\u00e9gies de conservation de l&rsquo;eau, de l&rsquo;\u00e9nergie et des terres.<\/li>\n<li><strong>Planification urbaine \u00e9cologique:<\/strong> Adopter des politiques de planification urbaine durable qui prot\u00e8gent les habitats naturels et int\u00e8grent des espaces verts dans les zones urbaines pour maintenir la biodiversit\u00e9 et offrir des environnements de vie sains.<\/li>\n<li><strong>Contr\u00f4le des esp\u00e8ces invasives:<\/strong> Mettre en \u0153uvre des mesures strictes de contr\u00f4le et de pr\u00e9vention pour minimiser la propagation des esp\u00e8ces invasives, en collaboration avec les communaut\u00e9s scientifiques et locales.<\/li>\n<li><strong>Investissements dans le d\u00e9veloppement durable:<\/strong> Soutenir le d\u00e9veloppement durable dans les r\u00e9gions les plus vuln\u00e9rables pour r\u00e9duire les in\u00e9galit\u00e9s \u00e9conomiques et les motivations \u00e0 la migration \u00e9conomique forc\u00e9e.<\/li>\n<\/ol>\n<h3>Conclusion<\/h3>\n<p>L&rsquo;int\u00e9gration des pr\u00e9occupations \u00e9cologistes dans la proposition de loi sur la libre circulation des personnes permettrait de promouvoir un d\u00e9veloppement durable et \u00e9quitable. En \u00e9quilibrant la libert\u00e9 de circulation avec la protection de l&rsquo;environnement et la justice sociale, cette approche pourrait conduire \u00e0 un avenir plus harmonieux et durable pour toutes les populations.<\/p>\n<\/div>\n<\/div>\n<\/div>\n<\/div>\n<\/div>\n<\/div>\n<\/div>\n<\/div>\n<\/div>\n<\/div>\n<\/div>\n<\/div>\n<div class=\"pr-2 lg:pr-0\"><\/div>\n<\/div>\n<\/div>\n<\/div>\n<\/div>\n<\/div>\n<div class=\"w-full text-token-text-primary\" dir=\"auto\" data-testid=\"conversation-turn-6\" data-scroll-anchor=\"false\">\n<div class=\"py-2 juice:py-[18px] px-3 text-base md:px-4 m-auto md:px-5 lg:px-1 xl:px-5\">\n<div class=\"mx-auto flex flex-1 gap-3 text-base juice:gap-4 juice:md:gap-6 md:max-w-3xl lg:max-w-[40rem] xl:max-w-[48rem]\">\n<div class=\"flex-shrink-0 flex flex-col relative items-end\">\n<div>\n<div class=\"pt-0.5 juice:pt-0\">\n<div class=\"gizmo-shadow-stroke flex h-6 w-6 items-center justify-center overflow-hidden rounded-full juice:h-8 juice:w-8\">\n<div class=\"relative flex\"><img decoding=\"async\" class=\"rounded-sm\" src=\"https:\/\/s.gravatar.com\/avatar\/e2cf10811fd86cd662aafc201f5e52c8?s=480&amp;r=pg&amp;d=https%3A%2F%2Fcdn.auth0.com%2Favatars%2Fpy.png\" alt=\"User\" width=\"24\" height=\"24\" data-nimg=\"1\" \/><\/div>\n<\/div>\n<\/div>\n<\/div>\n<\/div>\n<div class=\"group\/conversation-turn relative flex w-full min-w-0 flex-col\">\n<div class=\"font-semibold select-none\">Vous<\/div>\n<div class=\"flex-col gap-1 md:gap-3\">\n<div class=\"flex flex-grow flex-col max-w-full\">\n<div class=\"min-h-[20px] text-message flex flex-col items-start whitespace-pre-wrap break-words [.text-message+&amp;]:mt-5 juice:w-full juice:items-end overflow-x-auto gap-3\" dir=\"auto\" data-message-author-role=\"user\" data-message-id=\"aaa22a45-1745-467a-8b2b-8edefdf1a807\">\n<div class=\"relative max-w-[70%]\">Ce serait une fameuse r\u00e9volution !<\/div>\n<\/div>\n<\/div>\n<div class=\"mt-1 flex gap-3 empty:hidden juice:mr-1 juice:flex-row-reverse\">\n<div class=\"-ml-1 mt-0 flex h-7 items-center justify-center gap-[2px] self-end text-gray-400 lg:justify-start lg:self-center md:invisible\"><\/div>\n<\/div>\n<\/div>\n<\/div>\n<\/div>\n<\/div>\n<\/div>\n<div class=\"w-full text-token-text-primary\" dir=\"auto\" data-testid=\"conversation-turn-7\" data-scroll-anchor=\"true\">\n<div class=\"py-2 juice:py-[18px] px-3 text-base md:px-4 m-auto md:px-5 lg:px-1 xl:px-5\">\n<div class=\"mx-auto flex flex-1 gap-3 text-base juice:gap-4 juice:md:gap-6 md:max-w-3xl lg:max-w-[40rem] xl:max-w-[48rem]\">\n<div class=\"flex-shrink-0 flex flex-col relative items-end\">\n<div>\n<div class=\"pt-0.5 juice:pt-0\">\n<div class=\"gizmo-bot-avatar flex h-6 w-6 items-center justify-center overflow-hidden rounded-full juice:h-8 juice:w-8\">\n<div class=\"relative p-1 rounded-sm flex items-center justify-center bg-token-main-surface-primary text-token-text-primary h-6 w-6\">ChatGPT<\/div>\n<\/div>\n<\/div>\n<\/div>\n<\/div>\n<div class=\"group\/conversation-turn relative flex w-full min-w-0 flex-col agent-turn\">\n<div class=\"font-semibold select-none\">ChatGPT<\/div>\n<div class=\"flex-col gap-1 md:gap-3\">\n<div class=\"flex flex-grow flex-col max-w-full\">\n<div class=\"min-h-[20px] text-message flex flex-col items-start whitespace-pre-wrap break-words [.text-message+&amp;]:mt-5 juice:w-full juice:items-end overflow-x-auto gap-3\" dir=\"auto\" data-message-author-role=\"assistant\" data-message-id=\"7bbaa935-1c8a-4483-b199-53638488e446\">\n<div class=\"markdown prose w-full break-words dark:prose-invert light\">\n<p>Effectivement, l&rsquo;adoption d&rsquo;une telle loi repr\u00e9senterait une r\u00e9volution majeure sur la sc\u00e8ne mondiale. Elle impliquerait des changements radicaux dans les politiques migratoires, \u00e9conomiques, et sociales des pays. Voici quelques aspects cl\u00e9s qui illustrent l&rsquo;ampleur de cette transformation et les raisons pour lesquelles elle pourrait \u00eatre consid\u00e9r\u00e9e comme une r\u00e9volution.<\/p>\n<h3>1. Transformation des fronti\u00e8res et de la souverainet\u00e9 nationale<\/h3>\n<p>La mise en \u0153uvre de cette loi n\u00e9cessiterait une red\u00e9finition compl\u00e8te du concept de fronti\u00e8res et de souverainet\u00e9 nationale. Les fronti\u00e8res deviendraient beaucoup plus perm\u00e9ables, et les \u00c9tats devraient revoir leur conception de la souverainet\u00e9, non plus comme un droit absolu de contr\u00f4ler les mouvements transfrontaliers, mais comme une responsabilit\u00e9 de g\u00e9rer ces mouvements de mani\u00e8re \u00e9quilibr\u00e9e et humaine.<\/p>\n<h3>2. Changement \u00e9conomique global<\/h3>\n<p>L&rsquo;\u00e9conomie mondiale serait profond\u00e9ment impact\u00e9e par la libre circulation des personnes. On pourrait voir une redistribution des comp\u00e9tences et des talents, o\u00f9 les personnes pourraient chercher des opportunit\u00e9s l\u00e0 o\u00f9 elles sont les plus disponibles. Cela pourrait conduire \u00e0 une r\u00e9duction des in\u00e9galit\u00e9s entre pays d\u00e9velopp\u00e9s et en d\u00e9veloppement, \u00e0 une stimulation de l&rsquo;innovation et \u00e0 une croissance \u00e9conomique plus \u00e9quilibr\u00e9e. Toutefois, cela n\u00e9cessiterait des ajustements significatifs dans les politiques \u00e9conomiques pour g\u00e9rer les d\u00e9fis de l&rsquo;int\u00e9gration des nouveaux arrivants dans les march\u00e9s du travail locaux.<\/p>\n<h3>3. R\u00e9formes sociales et culturelles<\/h3>\n<p>Les soci\u00e9t\u00e9s seraient confront\u00e9es \u00e0 des d\u00e9fis de diversit\u00e9 et d&rsquo;int\u00e9gration sans pr\u00e9c\u00e9dent. Les pays d&rsquo;accueil devraient mettre en place des politiques d&rsquo;int\u00e9gration robustes pour aider les migrants \u00e0 s&rsquo;adapter et \u00e0 participer pleinement \u00e0 la vie sociale et \u00e9conomique. Cela impliquerait des investissements dans l&rsquo;\u00e9ducation, la formation linguistique, et des initiatives pour promouvoir la coh\u00e9sion sociale. Les \u00e9changes culturels deviendraient plus intenses, enrichissant les soci\u00e9t\u00e9s tout en n\u00e9cessitant des efforts pour pr\u00e9venir les tensions interculturelles.<\/p>\n<h3>4. R\u00e9volution des droits de l&rsquo;homme<\/h3>\n<p>Cette loi marquerait une avanc\u00e9e significative dans la reconnaissance et la protection des droits de l&rsquo;homme. La libert\u00e9 de circulation deviendrait un droit fondamental mondialement reconnu, mettant en avant la dignit\u00e9 humaine et l&rsquo;autonomie individuelle. Cela renforcerait les principes de solidarit\u00e9 et de justice globale, et pourrait inspirer des r\u00e9formes dans d&rsquo;autres domaines des droits de l&rsquo;homme.<\/p>\n<h3>5. D\u00e9fis logistiques et administratifs<\/h3>\n<p>La mise en \u0153uvre d&rsquo;une telle loi poserait d&rsquo;\u00e9normes d\u00e9fis logistiques et administratifs. Les gouvernements devraient cr\u00e9er de nouvelles infrastructures pour g\u00e9rer les flux migratoires, comme des syst\u00e8mes de suivi, des services d&rsquo;accueil, et des programmes d&rsquo;int\u00e9gration. Cela exigerait une coop\u00e9ration internationale sans pr\u00e9c\u00e9dent et des ressources consid\u00e9rables pour assurer que la mobilit\u00e9 se d\u00e9roule de mani\u00e8re ordonn\u00e9e et humaine.<\/p>\n<h3>Ma position personnelle<\/h3>\n<p>En tant que membre du parlement mondial, je serais favorable \u00e0 cette loi, car elle repr\u00e9sente une avanc\u00e9e majeure vers une soci\u00e9t\u00e9 plus juste et \u00e9quitable. Cependant, je reconnais \u00e9galement la n\u00e9cessit\u00e9 de conditions et d&rsquo;amendements pour g\u00e9rer les d\u00e9fis pratiques et les implications de cette r\u00e9volution.<\/p>\n<h4>Conditions et amendements possibles<\/h4>\n<ol>\n<li><strong>Contr\u00f4les de s\u00e9curit\u00e9 renforc\u00e9s:<\/strong> Pour r\u00e9pondre aux pr\u00e9occupations s\u00e9curitaires, des contr\u00f4les rigoureux mais respectueux des droits de l&rsquo;homme devraient \u00eatre mis en place pour surveiller les mouvements et pr\u00e9venir les activit\u00e9s criminelles.<\/li>\n<li><strong>Politiques d&rsquo;int\u00e9gration:<\/strong> Des programmes d&rsquo;int\u00e9gration culturelle et linguistique seraient essentiels pour aider les migrants \u00e0 s&rsquo;int\u00e9grer harmonieusement dans les soci\u00e9t\u00e9s d&rsquo;accueil et pr\u00e9venir les tensions sociales.<\/li>\n<li><strong>Gestion \u00e9quitable des flux migratoires:<\/strong> Des m\u00e9canismes de r\u00e9gulation, comme des quotas ou des crit\u00e8res sp\u00e9cifiques, pourraient \u00eatre n\u00e9cessaires pour g\u00e9rer les flux migratoires de mani\u00e8re ordonn\u00e9e et assurer que les infrastructures locales ne soient pas surcharg\u00e9es.<\/li>\n<li><strong>Soutien aux communaut\u00e9s locales:<\/strong> Les communaut\u00e9s d&rsquo;accueil devraient recevoir des ressources et un soutien ad\u00e9quat pour g\u00e9rer l&rsquo;arriv\u00e9e de nouveaux r\u00e9sidents, y compris des financements pour les services publics et les infrastructures.<\/li>\n<\/ol>\n<h3>Conclusion<\/h3>\n<p>L&rsquo;adoption de cette loi repr\u00e9senterait une r\u00e9volution aux multiples facettes, transformant les politiques migratoires, \u00e9conomiques, sociales et culturelles du monde entier. En \u00e9quilibrant les principes de libert\u00e9 et de dignit\u00e9 humaine avec des mesures pratiques de gestion et d&rsquo;int\u00e9gration, cette r\u00e9forme pourrait ouvrir la voie \u00e0 un avenir plus solidaire et \u00e9quitable.<\/p>\n<hr \/>\n<p><a href=\"http:\/\/www.dallenogare.biz\/cours\/wp-content\/uploads\/2024\/05\/liberte-circulation-chatgpt.docx\">Document Word<\/a><\/p>\n<\/div>\n<\/div>\n<\/div>\n<\/div>\n<\/div>\n<\/div>\n<\/div>\n<\/div>\n","protected":false},"excerpt":{"rendered":"<p>Vous Imagine que tu es membre du parlement mondial. Et que la loi suivante est propos\u00e9e : chaque \u00eatre humain &hellip; <a class=\"more-link\" href=\"http:\/\/www.dallenogare.biz\/cours\/la-proposition-de-chatgpt-pour-la-tache-de-sixieme-donnee-en-epreuve-formative\/\">Plus<\/a><\/p>\n","protected":false},"author":1,"featured_media":0,"comment_status":"closed","ping_status":"open","sticky":false,"template":"","format":"standard","meta":{"_jetpack_memberships_contains_paid_content":false,"footnotes":""},"categories":[1],"tags":[],"class_list":["post-4441","post","type-post","status-publish","format-standard","hentry","category-non-classe",""],"jetpack_featured_media_url":"","jetpack_sharing_enabled":true,"_links":{"self":[{"href":"http:\/\/www.dallenogare.biz\/cours\/wp-json\/wp\/v2\/posts\/4441","targetHints":{"allow":["GET"]}}],"collection":[{"href":"http:\/\/www.dallenogare.biz\/cours\/wp-json\/wp\/v2\/posts"}],"about":[{"href":"http:\/\/www.dallenogare.biz\/cours\/wp-json\/wp\/v2\/types\/post"}],"author":[{"embeddable":true,"href":"http:\/\/www.dallenogare.biz\/cours\/wp-json\/wp\/v2\/users\/1"}],"replies":[{"embeddable":true,"href":"http:\/\/www.dallenogare.biz\/cours\/wp-json\/wp\/v2\/comments?post=4441"}],"version-history":[{"count":4,"href":"http:\/\/www.dallenogare.biz\/cours\/wp-json\/wp\/v2\/posts\/4441\/revisions"}],"predecessor-version":[{"id":4446,"href":"http:\/\/www.dallenogare.biz\/cours\/wp-json\/wp\/v2\/posts\/4441\/revisions\/4446"}],"wp:attachment":[{"href":"http:\/\/www.dallenogare.biz\/cours\/wp-json\/wp\/v2\/media?parent=4441"}],"wp:term":[{"taxonomy":"category","embeddable":true,"href":"http:\/\/www.dallenogare.biz\/cours\/wp-json\/wp\/v2\/categories?post=4441"},{"taxonomy":"post_tag","embeddable":true,"href":"http:\/\/www.dallenogare.biz\/cours\/wp-json\/wp\/v2\/tags?post=4441"}],"curies":[{"name":"wp","href":"https:\/\/api.w.org\/{rel}","templated":true}]}}